{"id":19478,"date":"2025-09-28T11:23:58","date_gmt":"2025-09-28T11:23:58","guid":{"rendered":"https:\/\/lesinvestisseursbretons.fr\/?p=19478"},"modified":"2025-09-28T11:53:37","modified_gmt":"2025-09-28T11:53:37","slug":"investissement-locatif-quimper","status":"publish","type":"post","link":"https:\/\/lesinvestisseursbretons.fr\/en\/investissement-locatif-quimper\/","title":{"rendered":"Investissement locatif Quimper"},"content":{"rendered":"<p>Investir dans l\u2019immobilier locatif \u00e0 Quimper, c\u2019est profiter d\u2019une ville o\u00f9 <strong>rentabilit\u00e9 et qualit\u00e9 de vie<\/strong> vont de pair. Situ\u00e9e au c\u0153ur de la Cornouaille, cette cit\u00e9 bretonne s\u00e9duit autant les habitants que les investisseurs gr\u00e2ce \u00e0 ses prix accessibles, son march\u00e9 immobilier en pleine expansion et son attractivit\u00e9 touristique. Avec des rendements locatifs comp\u00e9titifs, Quimper fait partie des <strong>destinations les plus strat\u00e9giques de Bretagne pour investir en 2025<\/strong>.<\/p>\n\n\n\n<div class=\"wp-block-rank-math-toc-block\" id=\"rank-math-toc\"><h2>Table of Contents<\/h2><nav><ul><li><a href=\"#le-marche-locatif-a-quimper-une-demande-soutenue-et-diversifiee\">Le march\u00e9 locatif \u00e0 Quimper : une demande soutenue et diversifi\u00e9e<\/a><\/li><li><a href=\"#les-prix-de-limmobilier-a-quimper-des-valeurs-attractives\">Les prix de l\u2019immobilier \u00e0 Quimper : des valeurs attractives<\/a><ul><\/ul><\/li><li><a href=\"#rentabilite-locative-a-quimper-des-rendements-competitifs\">Rentabilit\u00e9 locative \u00e0 Quimper : des rendements comp\u00e9titifs<\/a><ul><\/ul><\/li><li><a href=\"#atouts-structurels-et-projets-urbains-de-quimper\">Atouts structurels et projets urbains de Quimper<\/a><ul><\/ul><\/li><li><a href=\"#quimper-un-pole-touristique-generateur-de-revenus-locatifs\">Quimper, un p\u00f4le touristique g\u00e9n\u00e9rateur de revenus locatifs<\/a><ul><\/ul><\/li><li><a href=\"#investir-a-quimper-en-2025-une-strategie-gagnante\">Investir \u00e0 Quimper en 2025 : une strat\u00e9gie gagnante<\/a><\/li><\/ul><\/nav><\/div>\n\n\n\n<h2 class=\"wp-block-heading\" id=\"le-marche-locatif-a-quimper-une-demande-soutenue-et-diversifiee\">Le march\u00e9 locatif \u00e0 Quimper : une demande soutenue et diversifi\u00e9e<\/h2>\n\n\n\n<p>La population quimp\u00e9roise est d\u2019environ 63 000 habitants (plus de 100 000 pour l\u2019agglom\u00e9ration), en progression constante ces derni\u00e8res ann\u00e9es. Ce dynamisme d\u00e9mographique entretient une demande locative diversifi\u00e9e :<\/p>\n\n\n\n<ul class=\"wp-block-list\">\n<li><strong>\u00c9tudiants<\/strong> : Quimper accueille pr\u00e8s de 6 000 \u00e9tudiants, notamment via l\u2019Universit\u00e9 de Bretagne Occidentale (UBO), l\u2019IUT et plusieurs \u00e9coles sp\u00e9cialis\u00e9es. Les studios et T2 proches des p\u00f4les universitaires sont particuli\u00e8rement recherch\u00e9s.<\/li>\n\n\n\n<li><strong>Jeunes actifs<\/strong> : le bassin d\u2019emploi est port\u00e9 par le secteur tertiaire, l\u2019agroalimentaire et les services publics. Les T2 et T3 proches du centre-ville et des zones d\u2019activit\u00e9 sont tr\u00e8s demand\u00e9s.<\/li>\n\n\n\n<li><strong>Familles<\/strong> : la p\u00e9riph\u00e9rie de Quimper (Kerfeunteun, Le Braden, Prat Maria) attire des m\u00e9nages en qu\u00eate de maisons ou grands appartements avec ext\u00e9rieurs.<\/li>\n<\/ul>\n\n\n\n<p>La <strong>vacance locative reste faible<\/strong> dans les quartiers strat\u00e9giques, notamment autour du centre historique, des p\u00f4les \u00e9ducatifs et des zones commerciales.<\/p>\n\n\n\n<h2 class=\"wp-block-heading\" id=\"les-prix-de-limmobilier-a-quimper-des-valeurs-attractives\">Les prix de l\u2019immobilier \u00e0 Quimper : des valeurs attractives<\/h2>\n\n\n\n<div class=\"wp-block-cover\"><img fetchpriority=\"high\" decoding=\"async\" width=\"2240\" height=\"1260\" class=\"wp-block-cover__image-background wp-image-18901\" alt=\"investissement locatif bretagne\" src=\"https:\/\/lesinvestisseursbretons.fr\/wp-content\/uploads\/2025\/09\/Untitled-design-70.png\" data-object-fit=\"cover\" srcset=\"https:\/\/lesinvestisseursbretons.fr\/wp-content\/uploads\/2025\/09\/Untitled-design-70.png 2240w, https:\/\/lesinvestisseursbretons.fr\/wp-content\/uploads\/2025\/09\/Untitled-design-70-1536x864.png 1536w, https:\/\/lesinvestisseursbretons.fr\/wp-content\/uploads\/2025\/09\/Untitled-design-70-2048x1152.png 2048w\" sizes=\"(max-width: 2240px) 100vw, 2240px\" \/><span aria-hidden=\"true\" class=\"wp-block-cover__background has-background-dim\"><\/span><div class=\"wp-block-cover__inner-container is-layout-flow wp-block-cover-is-layout-flow\">\n<p class=\"has-text-align-center has-large-font-size\">Acc\u00e9dez d\u00e8s maintenant \u00e0 nos biens off market et profitez d\u2019opportunit\u00e9s exclusives.<\/p>\n\n\n\n<div class=\"wp-block-buttons is-content-justification-center is-layout-flex wp-container-core-buttons-is-layout-16018d1d wp-block-buttons-is-layout-flex\">\n<div class=\"wp-block-button\"><a class=\"wp-block-button__link has-text-align-center wp-element-button\" href=\"https:\/\/lesinvestisseursbretons.fr\/en\/register\/\">Acc\u00e9der aux offres off market<\/a><\/div>\n<\/div>\n<\/div><\/div>\n\n\n\n<p><\/p>\n\n\n\n<p><\/p>\n\n\n\n<figure class=\"wp-block-table\"><table class=\"has-fixed-layout\"><thead><tr><th>Ville \/ Cat\u00e9gorie<\/th><th>Prix moyen estim\u00e9 (\u20ac\/m\u00b2)<\/th><th>Fourchette basse \/ haute (\u20ac\/m\u00b2)<\/th><th>Commentaires ou sources<\/th><\/tr><\/thead><tbody><tr><td><strong>Quimper \u2013 appartements<\/strong><\/td><td>~ 2 200 \u00e0 2 300 \u20ac\/m\u00b2<\/td><td>~ 1 550 \u00e0 ~ 3 300 \u20ac\/m\u00b2<\/td><td>80 % des appartements se vendent dans cette fourchette (<a href=\"https:\/\/www.efficity.com\/prix-immobilier-m2\/v_quimper_29000\/?utm_source=chatgpt.com\" target=\"_blank\" rel=\"noopener\">efficity<\/a>)<\/td><\/tr><tr><td><strong>Quimper \u2013 maisons<\/strong><\/td><td>~ 2 190 \u00e0 2 300 \u20ac\/m\u00b2<\/td><td>~ 1 580 \u00e0 ~ 3 100 \u20ac\/m\u00b2<\/td><td>Plage de prix observ\u00e9e pour 80 % des maisons (<a href=\"https:\/\/www.efficity.com\/prix-immobilier-m2\/v_quimper_29000\/?utm_source=chatgpt.com\" target=\"_blank\" rel=\"noopener\">efficity<\/a>)<\/td><\/tr><tr><td><strong>Quimper \u2013 tous types<\/strong><\/td><td>~ 2 210 \u20ac\/m\u00b2<\/td><td>\u2013<\/td><td>Moyenne g\u00e9n\u00e9rale tous biens confondus (<a href=\"https:\/\/www.efficity.com\/prix-immobilier-m2\/v_quimper_29000\/?utm_source=chatgpt.com\" target=\"_blank\" rel=\"noopener\">efficity<\/a>)<\/td><\/tr><tr><td><strong>Bretagne (moyenne r\u00e9gionale)<\/strong><\/td><td>~ 2 424 \u20ac\/m\u00b2<\/td><td>~ 2 089 \u00e0 ~ 4 072 \u20ac\/m\u00b2<\/td><td>Source DVF \/ PAP R\u00e9gion Bretagne (<a href=\"https:\/\/www.pap.fr\/vendeur\/prix-m2\/bretagne-g465?utm_source=chatgpt.com\" target=\"_blank\" rel=\"noopener\">PAP &#8211; Particulier \u00e0 Particulier<\/a>)<\/td><\/tr><tr><td><strong>Rennes (ville)<\/strong><\/td><td>~ 3 751 \u20ac\/m\u00b2<\/td><td>\u2013<\/td><td>Prix moyen relev\u00e9 pour les appartements en Bretagne (<a href=\"https:\/\/www.meilleursagents.com\/prix-immobilier\/bretagne\/?utm_source=chatgpt.com\" target=\"_blank\" rel=\"noopener\">Meilleurs Agents<\/a>)<\/td><\/tr><tr><td><strong>Brest (ville)<\/strong><\/td><td>~ 2 437 \u20ac\/m\u00b2<\/td><td>\u2013<\/td><td>Prix moyen relev\u00e9 pour les appartements (<a href=\"https:\/\/www.meilleursagents.com\/prix-immobilier\/bretagne\/?utm_source=chatgpt.com\" target=\"_blank\" rel=\"noopener\">Meilleurs Agents<\/a>)<\/td><\/tr><tr><td><strong>Lorient (ville)<\/strong><\/td><td>~ 2 452 \u20ac\/m\u00b2<\/td><td>\u2013<\/td><td>Prix moyen des appartements observ\u00e9 en 2025 (<a href=\"https:\/\/www.immo-data.fr\/marche-immobilier\/bretagne-53\/morbihan-56\/lorient-56121?utm_source=chatgpt.com\" target=\"_blank\" rel=\"noopener\">Immo Data<\/a>)<\/td><\/tr><\/tbody><\/table><\/figure>\n\n\n\n<h3 class=\"wp-block-heading\" id=\"analyse-et-interpretation-des-prix-de-limmobilier-a-quimper\">Analyse et interpr\u00e9tation des prix de l\u2019immobilier \u00e0 Quimper<\/h3>\n\n\n\n<p>Le march\u00e9 immobilier quimp\u00e9rois pr\u00e9sente plusieurs atouts qui en font une option particuli\u00e8rement int\u00e9ressante pour les investisseurs.<\/p>\n\n\n\n<h4 class=\"wp-block-heading\" id=\"quimper-face-a-la-moyenne-bretonne\">Quimper face \u00e0 la moyenne bretonne<\/h4>\n\n\n\n<p>Avec un prix moyen d\u2019environ <strong>2 200 \u20ac\/m\u00b2<\/strong>, Quimper se situe l\u00e9g\u00e8rement en dessous de la moyenne r\u00e9gionale (\u2248 2 424 \u20ac\/m\u00b2). Cette diff\u00e9rence positionne la ville comme un march\u00e9 plus abordable que d\u2019autres grandes agglom\u00e9rations bretonnes, tout en offrant des perspectives de valorisation \u00e0 moyen et long terme.<\/p>\n\n\n\n<h4 class=\"wp-block-heading\" id=\"une-amplitude-de-prix-revelatrice-dopportunites\">Une amplitude de prix r\u00e9v\u00e9latrice d\u2019opportunit\u00e9s<\/h4>\n\n\n\n<p>Les prix varient fortement selon les quartiers et l\u2019\u00e9tat des biens. Les appartements oscillent entre <strong>1 550 et 3 300 \u20ac\/m\u00b2<\/strong>, tandis que les maisons se n\u00e9gocient entre <strong>1 580 et 3 100 \u20ac\/m\u00b2<\/strong>. Cette amplitude refl\u00e8te la diversit\u00e9 du march\u00e9 : un investisseur pourra s\u2019orienter vers des biens \u00e0 r\u00e9nover dans les zones interm\u00e9diaires pour b\u00e9n\u00e9ficier d\u2019un co\u00fbt d\u2019acquisition r\u00e9duit, ou bien viser les secteurs premium afin de s\u00e9curiser une valeur patrimoniale et capter une plus-value future.<\/p>\n\n\n\n<h4 class=\"wp-block-heading\" id=\"comparaison-avec-dautres-villes-bretonnes\">Comparaison avec d\u2019autres villes bretonnes<\/h4>\n\n\n\n<p>\u00c0 titre de r\u00e9f\u00e9rence, <strong>Rennes<\/strong> affiche des prix largement sup\u00e9rieurs, d\u00e9passant les <strong>4 000 \u20ac\/m\u00b2<\/strong>, ce qui n\u00e9cessite des capitaux bien plus cons\u00e9quents. <strong>Brest<\/strong> et <strong>Lorient<\/strong> se rapprochent davantage de Quimper, avec des moyennes autour de <strong>2 500 \u00e0 2 800 \u20ac\/m\u00b2<\/strong>, mais restent globalement plus ch\u00e8res. Dans ce contexte, Quimper repr\u00e9sente un compromis pertinent entre <strong>accessibilit\u00e9 financi\u00e8re<\/strong> et <strong>potentiel de rentabilit\u00e9<\/strong>.<\/p>\n\n\n\n<h4 class=\"wp-block-heading\" id=\"une-tendance-positive-confirmee\">Une tendance positive confirm\u00e9e<\/h4>\n\n\n\n<p>Selon les donn\u00e9es r\u00e9centes, le prix moyen des appartements \u00e0 Quimper s\u2019\u00e9tablit \u00e0 <strong>2 177 \u20ac\/m\u00b2 en 2025<\/strong>, en l\u00e9g\u00e8re hausse sur un an. Le march\u00e9 des maisons, quant \u00e0 lui, se concentre majoritairement entre <strong>1 580 et 3 100 \u20ac\/m\u00b2<\/strong>, confirmant la solidit\u00e9 de cette gamme de prix. Ces chiffres traduisent une <strong>stabilit\u00e9 du march\u00e9<\/strong> et un mouvement haussier progressif, deux indicateurs rassurants pour un investissement immobilier.<\/p>\n\n\n\n<h4 class=\"wp-block-heading\" id=\"ce-que-cela-implique-pour-un-investissement-locatif\">Ce que cela implique pour un investissement locatif<\/h4>\n\n\n\n<p>Les zones en cours de transformation ou n\u00e9cessitant des r\u00e9novations permettent d\u2019acc\u00e9der \u00e0 des prix proches de la borne basse, offrant un <strong>potentiel de valorisation \u00e9lev\u00e9<\/strong> apr\u00e8s travaux. \u00c0 l\u2019inverse, les secteurs centraux ou r\u00e9cemment modernis\u00e9s, plus co\u00fbteux, garantissent une demande locative soutenue et une valorisation patrimoniale s\u00e9curis\u00e9e.<\/p>\n\n\n\n<p>En r\u00e9sum\u00e9, Quimper offre un profil d\u2019investissement rare en Bretagne : un march\u00e9 plus abordable que Rennes, moins satur\u00e9 que Brest, mais suffisamment dynamique pour g\u00e9n\u00e9rer \u00e0 la fois <strong>rentabilit\u00e9 locative<\/strong> et <strong>croissance patrimoniale<\/strong>.<\/p>\n\n\n\n<h2 class=\"wp-block-heading\" id=\"rentabilite-locative-a-quimper-des-rendements-competitifs\">Rentabilit\u00e9 locative \u00e0 Quimper : des rendements comp\u00e9titifs<\/h2>\n\n\n\n<div class=\"wp-block-cover\"><img decoding=\"async\" width=\"1596\" height=\"1029\" class=\"wp-block-cover__image-background wp-image-18924\" alt=\"\" src=\"https:\/\/lesinvestisseursbretons.fr\/wp-content\/uploads\/2025\/09\/ok-travaux.png\" data-object-fit=\"cover\" srcset=\"https:\/\/lesinvestisseursbretons.fr\/wp-content\/uploads\/2025\/09\/ok-travaux.png 1596w, https:\/\/lesinvestisseursbretons.fr\/wp-content\/uploads\/2025\/09\/ok-travaux-1536x990.png 1536w\" sizes=\"(max-width: 1596px) 100vw, 1596px\" \/><span aria-hidden=\"true\" class=\"wp-block-cover__background has-background-dim\"><\/span><div class=\"wp-block-cover__inner-container is-layout-flow wp-block-cover-is-layout-flow\">\n<p class=\"has-text-align-center has-large-font-size\">Acc\u00e9dez d\u00e8s maintenant \u00e0 nos biens off market et profitez d\u2019opportunit\u00e9s exclusives.<\/p>\n\n\n\n<div class=\"wp-block-buttons is-content-justification-center is-layout-flex wp-container-core-buttons-is-layout-16018d1d wp-block-buttons-is-layout-flex\">\n<div class=\"wp-block-button\"><a class=\"wp-block-button__link has-text-align-center wp-element-button\" href=\"https:\/\/lesinvestisseursbretons.fr\/en\/register\/\">Acc\u00e9der aux offres off market<\/a><\/div>\n<\/div>\n<\/div><\/div>\n\n\n\n<p>Le march\u00e9 locatif de Quimper se distingue par des loyers attractifs au regard des prix d\u2019achat encore abordables. Cette combinaison permet aux investisseurs d\u2019obtenir des rendements sup\u00e9rieurs \u00e0 la moyenne nationale, en particulier dans certains quartiers strat\u00e9giques.<\/p>\n\n\n\n<h4 class=\"wp-block-heading\" id=\"niveaux-de-loyers-observes-a-quimper\">Niveaux de loyers observ\u00e9s \u00e0 Quimper<\/h4>\n\n\n\n<ul class=\"wp-block-list\">\n<li><strong>Appartements<\/strong> : entre <strong>11,5 et 12 \u20ac\/m\u00b2<\/strong> en moyenne.<\/li>\n\n\n\n<li><strong>Maisons<\/strong> : l\u00e9g\u00e8rement plus \u00e9lev\u00e9es, autour de <strong>12,5 \u00e0 13 \u20ac\/m\u00b2<\/strong>.<\/li>\n\n\n\n<li><strong>Studios \u00e9tudiants<\/strong> : de <strong>350 \u00e0 450 \u20ac par mois<\/strong>, en fonction de la proximit\u00e9 avec l\u2019universit\u00e9, les transports et le centre-ville.<\/li>\n\n\n\n<li><strong>T3 familiaux<\/strong> : g\u00e9n\u00e9ralement compris entre <strong>650 et 850 \u20ac par mois<\/strong>, selon la localisation et l\u2019\u00e9tat du bien.<\/li>\n<\/ul>\n\n\n\n<p>Cette grille locative illustre l\u2019\u00e9quilibre entre <strong>accessibilit\u00e9 pour les locataires<\/strong> et <strong>rentabilit\u00e9 pour les propri\u00e9taires<\/strong>.<\/p>\n\n\n\n<h4 class=\"wp-block-heading\" id=\"exemple-concret-de-rentabilite\">Exemple concret de rentabilit\u00e9<\/h4>\n\n\n\n<p>Prenons le cas d\u2019un <strong>T2 de 50 m\u00b2<\/strong> achet\u00e9 <strong>120 000 \u20ac<\/strong> (soit 2 400 \u20ac\/m\u00b2) dans le quartier r\u00e9sidentiel de <strong>Kerfeunteun<\/strong>. Lou\u00e9 <strong>600 \u20ac par mois<\/strong>, il g\u00e9n\u00e8re :<\/p>\n\n\n\n<ul class=\"wp-block-list\">\n<li><strong>Loyer annuel<\/strong> : 7 200 \u20ac<\/li>\n\n\n\n<li><strong>Rentabilit\u00e9 brute<\/strong> : 6 %<\/li>\n<\/ul>\n\n\n\n<p>Ce rendement se situe d\u00e9j\u00e0 dans une fourchette tr\u00e8s int\u00e9ressante pour un investissement immobilier classique.<\/p>\n\n\n\n<h4 class=\"wp-block-heading\" id=\"optimisation-des-rendements\">Optimisation des rendements<\/h4>\n\n\n\n<p>Plusieurs leviers permettent d\u2019augmenter la rentabilit\u00e9 locative :<\/p>\n\n\n\n<ul class=\"wp-block-list\">\n<li><strong>La location meubl\u00e9e<\/strong> : adapt\u00e9e aux \u00e9tudiants et jeunes actifs, elle justifie un loyer sup\u00e9rieur de 10 \u00e0 20 % par rapport \u00e0 une location vide.<\/li>\n\n\n\n<li><strong>La location saisonni\u00e8re<\/strong> : tr\u00e8s pris\u00e9e en p\u00e9riode estivale gr\u00e2ce \u00e0 l\u2019attractivit\u00e9 touristique de Quimper et sa proximit\u00e9 avec les plages, elle peut g\u00e9n\u00e9rer des revenus nettement plus \u00e9lev\u00e9s sur certaines p\u00e9riodes.<\/li>\n\n\n\n<li><strong>Les travaux de r\u00e9novation<\/strong> : en modernisant un bien ancien, il est possible d\u2019augmenter sa valeur locative et de r\u00e9duire la vacance.<\/li>\n<\/ul>\n\n\n\n<p>Ainsi, une rentabilit\u00e9 brute de <strong>6 %<\/strong> peut facilement \u00e9voluer vers <strong>7 \u00e0 8 %<\/strong> pour un investisseur qui choisit une strat\u00e9gie de location optimis\u00e9e.<\/p>\n\n\n\n<h2 class=\"wp-block-heading\" id=\"atouts-structurels-et-projets-urbains-de-quimper\">Atouts structurels et projets urbains de Quimper<\/h2>\n\n\n\n<h4 class=\"wp-block-heading\" id=\"des-infrastructures-bien-developpees-et-une-accessibilite-renforcee\">Des infrastructures bien d\u00e9velopp\u00e9es et une accessibilit\u00e9 renforc\u00e9e<\/h4>\n\n\n\n<p>Quimper b\u00e9n\u00e9ficie d\u2019un r\u00e9seau d\u2019infrastructures qui soutient \u00e0 la fois son attractivit\u00e9 r\u00e9sidentielle et son dynamisme \u00e9conomique.<\/p>\n\n\n\n<ul class=\"wp-block-list\">\n<li><strong>La gare TGV<\/strong> permet de rejoindre Paris en environ <strong>3 h 45<\/strong>, ce qui facilite les d\u00e9placements professionnels et renforce l\u2019attrait de la ville pour les actifs mobiles.<\/li>\n\n\n\n<li><strong>Le r\u00e9seau de bus QUB<\/strong> dessert l\u2019ensemble de l\u2019agglom\u00e9ration, garantissant une bonne accessibilit\u00e9 aux p\u00f4les \u00e9ducatifs, commerciaux et r\u00e9sidentiels.<\/li>\n\n\n\n<li><strong>La voie express N165<\/strong> (axe Brest \u2013 Nantes) place Quimper dans une position strat\u00e9gique pour les \u00e9changes r\u00e9gionaux et le d\u00e9veloppement \u00e9conomique.<\/li>\n<\/ul>\n\n\n\n<p>Ces atouts d\u2019accessibilit\u00e9 jouent un r\u00f4le cl\u00e9 dans la <strong>p\u00e9rennit\u00e9 de la demande locative<\/strong>, en facilitant les d\u00e9placements des habitants au quotidien.<\/p>\n\n\n\n<h4 class=\"wp-block-heading\" id=\"des-projets-urbains-qui-dynamisent-le-marche-immobilier\">Des projets urbains qui dynamisent le march\u00e9 immobilier<\/h4>\n\n\n\n<p>La municipalit\u00e9 a engag\u00e9 plusieurs projets d\u2019am\u00e9nagement et de modernisation visant \u00e0 accro\u00eetre l\u2019attractivit\u00e9 de Quimper, tant pour ses habitants que pour les investisseurs :<\/p>\n\n\n\n<ul class=\"wp-block-list\">\n<li><strong>R\u00e9am\u00e9nagement du quartier de la gare<\/strong> : construction de logements neufs, cr\u00e9ation d\u2019espaces de services et modernisation des infrastructures. Ce projet contribuera \u00e0 renforcer l\u2019image d\u2019un secteur en plein renouveau et \u00e0 augmenter la valeur des biens immobiliers environnants.<\/li>\n\n\n\n<li><strong>Valorisation du centre historique<\/strong> : r\u00e9novation de b\u00e2timents anciens, am\u00e9lioration des espaces publics et mise en avant du patrimoine architectural. Ces interventions renforcent l\u2019attrait touristique et r\u00e9sidentiel du c\u0153ur de ville.<\/li>\n\n\n\n<li><strong>D\u00e9veloppement de zones d\u2019activit\u00e9s \u00e9conomiques<\/strong> : extension des espaces d\u00e9di\u00e9s aux entreprises et aux commerces afin de soutenir la cr\u00e9ation d\u2019emplois et attirer de nouveaux habitants.<\/li>\n<\/ul>\n\n\n\n<p>Ces initiatives contribuent directement \u00e0 la <strong>valorisation immobili\u00e8re \u00e0 long terme<\/strong>. Pour un investisseur, cela signifie des biens mieux valoris\u00e9s, une demande locative renforc\u00e9e et une plus grande s\u00e9curit\u00e9 sur le plan patrimonial.<\/p>\n\n\n\n<div class=\"wp-block-cover\"><img decoding=\"async\" width=\"683\" height=\"384\" class=\"wp-block-cover__image-background wp-image-19479\" alt=\"\" src=\"https:\/\/lesinvestisseursbretons.fr\/wp-content\/uploads\/2025\/09\/Untitled-design-49.png\" data-object-fit=\"cover\"\/><span aria-hidden=\"true\" class=\"wp-block-cover__background has-background-dim\"><\/span><div class=\"wp-block-cover__inner-container is-layout-flow wp-block-cover-is-layout-flow\">\n<p class=\"has-text-align-center has-large-font-size\">Acc\u00e9dez d\u00e8s maintenant \u00e0 nos biens off market et profitez d\u2019opportunit\u00e9s exclusives.<\/p>\n\n\n\n<div class=\"wp-block-buttons is-content-justification-center is-layout-flex wp-container-core-buttons-is-layout-16018d1d wp-block-buttons-is-layout-flex\">\n<div class=\"wp-block-button\"><a class=\"wp-block-button__link has-text-align-center wp-element-button\" href=\"https:\/\/lesinvestisseursbretons.fr\/en\/register\/\">Acc\u00e9der aux offres off market<\/a><\/div>\n<\/div>\n<\/div><\/div>\n\n\n\n<h2 class=\"wp-block-heading\" id=\"quimper-un-pole-touristique-generateur-de-revenus-locatifs\">Quimper, un p\u00f4le touristique g\u00e9n\u00e9rateur de revenus locatifs<\/h2>\n\n\n\n<p>Avec plus de <strong>1,5 million de visiteurs chaque ann\u00e9e<\/strong>, Quimper s\u2019impose comme l\u2019un des p\u00f4les touristiques majeurs de Bretagne. Cette attractivit\u00e9 offre aux investisseurs immobiliers de r\u00e9elles opportunit\u00e9s, notamment dans le domaine de la <strong>location saisonni\u00e8re<\/strong> et de la <strong>location de courte dur\u00e9e<\/strong>.<\/p>\n\n\n\n<h4 class=\"wp-block-heading\" id=\"un-patrimoine-historique-et-culturel-reconnu\">Un patrimoine historique et culturel reconnu<\/h4>\n\n\n\n<p>La ville s\u00e9duit les visiteurs gr\u00e2ce \u00e0 son <strong>centre historique m\u00e9di\u00e9val<\/strong>, ses <strong>maisons \u00e0 colombages<\/strong>, la <strong>cath\u00e9drale Saint-Corentin<\/strong> ou encore le <strong>mus\u00e9e des Beaux-Arts<\/strong>. Ces atouts patrimoniaux placent Quimper parmi les destinations culturelles les plus recherch\u00e9es de la r\u00e9gion.<\/p>\n\n\n\n<h4 class=\"wp-block-heading\" id=\"une-situation-geographique-privilegiee\">Une situation g\u00e9ographique privil\u00e9gi\u00e9e<\/h4>\n\n\n\n<p>\u00c0 seulement quelques kilom\u00e8tres des c\u00f4tes, Quimper b\u00e9n\u00e9ficie d\u2019une proximit\u00e9 imm\u00e9diate avec des stations baln\u00e9aires r\u00e9put\u00e9es comme <strong>B\u00e9nodet<\/strong>, <strong>Fouesnant<\/strong> ou encore le spot de surf de <strong>La Torche<\/strong>. Cette localisation en fait une base id\u00e9ale pour les s\u00e9jours touristiques alliant patrimoine, culture et bord de mer.<\/p>\n\n\n\n<h4 class=\"wp-block-heading\" id=\"des-evenements-qui-dynamisent-la-frequentation\">Des \u00e9v\u00e9nements qui dynamisent la fr\u00e9quentation<\/h4>\n\n\n\n<p>La ville accueille tout au long de l\u2019ann\u00e9e des manifestations d\u2019envergure, parmi lesquelles :<\/p>\n\n\n\n<ul class=\"wp-block-list\">\n<li>le <strong>Festival de Cornouaille<\/strong>, qui attire chaque \u00e9t\u00e9 plusieurs dizaines de milliers de visiteurs,<\/li>\n\n\n\n<li>des <strong>march\u00e9s artisanaux<\/strong> et animations traditionnelles,<\/li>\n\n\n\n<li>des <strong>\u00e9v\u00e9nements sportifs et culturels<\/strong> qui renforcent l\u2019activit\u00e9 touristique hors saison.<\/li>\n<\/ul>\n\n\n\n<h4 class=\"wp-block-heading\" id=\"des-opportunites-locatives-renforcees\">Des opportunit\u00e9s locatives renforc\u00e9es<\/h4>\n\n\n\n<p>Cette attractivit\u00e9 soutient le d\u00e9veloppement de la <strong>location saisonni\u00e8re<\/strong> via des plateformes comme Airbnb, mais aussi de la <strong>location meubl\u00e9e courte dur\u00e9e<\/strong>, tr\u00e8s recherch\u00e9e par les voyageurs d\u2019affaires ou les familles en s\u00e9jour. Pour les investisseurs, cela se traduit par des <strong>revenus locatifs plus \u00e9lev\u00e9s<\/strong>, notamment pendant la p\u00e9riode estivale, et par une meilleure <strong>diversification des strat\u00e9gies d\u2019exploitation<\/strong>.<\/p>\n\n\n\n<p>En r\u00e9sum\u00e9, Quimper combine un <strong>tourisme p\u00e9renne<\/strong>, une <strong>position g\u00e9ographique strat\u00e9gique<\/strong> et une <strong>offre culturelle riche<\/strong>, autant d\u2019\u00e9l\u00e9ments qui renforcent l\u2019int\u00e9r\u00eat de l\u2019investissement immobilier locatif.<\/p>\n\n\n\n<h2 class=\"wp-block-heading\" id=\"investir-a-quimper-en-2025-une-strategie-gagnante\">Investir \u00e0 Quimper en 2025 : une strat\u00e9gie gagnante<\/h2>\n\n\n\n<ul class=\"wp-block-list\">\n<li><strong>March\u00e9 immobilier abordable<\/strong> avec une marge de progression<\/li>\n\n\n\n<li><strong>Demande locative stable et diversifi\u00e9e<\/strong> (\u00e9tudiants, actifs, familles, touristes)<\/li>\n\n\n\n<li><strong>Taux de rentabilit\u00e9 attractifs<\/strong> entre 5 et 7 % selon le type de bien et la strat\u00e9gie locative<\/li>\n\n\n\n<li><strong>Ville en pleine transformation<\/strong> avec projets d\u2019urbanisme et dynamisme \u00e9conomique<\/li>\n\n\n\n<li><strong>Qualit\u00e9 de vie reconnue<\/strong> en Bretagne, gage de p\u00e9rennit\u00e9 de la demande<\/li>\n<\/ul>\n\n\n\n<p><\/p>","protected":false},"excerpt":{"rendered":"<p>Investir dans l\u2019immobilier locatif \u00e0 Quimper, c\u2019est profiter d\u2019une ville o\u00f9 rentabilit\u00e9 et qualit\u00e9 de vie vont de pair. Situ\u00e9e au c\u0153ur de la Cornouaille, cette cit\u00e9 bretonne s\u00e9duit autant les habitants que les investisseurs gr\u00e2ce \u00e0 ses prix accessibles, son march\u00e9 immobilier en pleine expansion et son attractivit\u00e9 touristique. Avec des rendements locatifs comp\u00e9titifs, [&hellip;]<\/p>","protected":false},"author":1,"featured_media":19480,"comment_status":"open","ping_status":"open","sticky":false,"template":"","format":"standard","meta":{"footnotes":""},"categories":[24],"tags":[],"class_list":["post-19478","post","type-post","status-publish","format-standard","has-post-thumbnail","hentry","category-real-estate"],"_links":{"self":[{"href":"https:\/\/lesinvestisseursbretons.fr\/en\/wp-json\/wp\/v2\/posts\/19478","targetHints":{"allow":["GET"]}}],"collection":[{"href":"https:\/\/lesinvestisseursbretons.fr\/en\/wp-json\/wp\/v2\/posts"}],"about":[{"href":"https:\/\/lesinvestisseursbretons.fr\/en\/wp-json\/wp\/v2\/types\/post"}],"author":[{"embeddable":true,"href":"https:\/\/lesinvestisseursbretons.fr\/en\/wp-json\/wp\/v2\/users\/1"}],"replies":[{"embeddable":true,"href":"https:\/\/lesinvestisseursbretons.fr\/en\/wp-json\/wp\/v2\/comments?post=19478"}],"version-history":[{"count":7,"href":"https:\/\/lesinvestisseursbretons.fr\/en\/wp-json\/wp\/v2\/posts\/19478\/revisions"}],"predecessor-version":[{"id":19500,"href":"https:\/\/lesinvestisseursbretons.fr\/en\/wp-json\/wp\/v2\/posts\/19478\/revisions\/19500"}],"wp:featuredmedia":[{"embeddable":true,"href":"https:\/\/lesinvestisseursbretons.fr\/en\/wp-json\/wp\/v2\/media\/19480"}],"wp:attachment":[{"href":"https:\/\/lesinvestisseursbretons.fr\/en\/wp-json\/wp\/v2\/media?parent=19478"}],"wp:term":[{"taxonomy":"category","embeddable":true,"href":"https:\/\/lesinvestisseursbretons.fr\/en\/wp-json\/wp\/v2\/categories?post=19478"},{"taxonomy":"post_tag","embeddable":true,"href":"https:\/\/lesinvestisseursbretons.fr\/en\/wp-json\/wp\/v2\/tags?post=19478"}],"curies":[{"name":"wp","href":"https:\/\/api.w.org\/{rel}","templated":true}]}}